{"id":5251,"date":"2026-08-31T11:59:26","date_gmt":"2026-08-31T09:59:26","guid":{"rendered":"https:\/\/eacruznovillo.com\/?p=5251"},"modified":"2026-08-31T11:59:26","modified_gmt":"2026-08-31T09:59:26","slug":"acceso-extraordinario-a-ciclos-26-27","status":"publish","type":"post","link":"https:\/\/eacruznovillo.com\/?p=5251","title":{"rendered":"Acceso extraordinario a Ciclos 26-27"},"content":{"rendered":"<p><img loading=\"lazy\" decoding=\"async\" class=\" wp-image-5252 alignleft\" src=\"http:\/\/eacruznovillo.com\/wp-content\/uploads\/2026\/08\/preinscripcion-septiembre-225x300.png\" alt=\"\" width=\"234\" height=\"312\" srcset=\"https:\/\/eacruznovillo.com\/wp-content\/uploads\/2026\/08\/preinscripcion-septiembre-225x300.png 225w, https:\/\/eacruznovillo.com\/wp-content\/uploads\/2026\/08\/preinscripcion-septiembre-768x1024.png 768w, https:\/\/eacruznovillo.com\/wp-content\/uploads\/2026\/08\/preinscripcion-septiembre.png 1086w\" sizes=\"auto, (max-width: 234px) 100vw, 234px\" \/>Del <strong>1 al 8 de septiembre<\/strong> se abre el plazo extraordinario de acceso para nuestros Ciclos Formativos.<\/p>\n<p data-start=\"108\" data-end=\"218\">Puedes elegir entre:<\/p>\n<p data-start=\"242\" data-end=\"260\"><strong>GRADO SUPERIOR<\/strong><\/p>\n<ul>\n<li>Fotograf\u00eda<\/li>\n<li>C\u00f3mic<\/li>\n<li>Gr\u00e1fica Publicitaria<\/li>\n<\/ul>\n<p data-start=\"315\" data-end=\"330\"><strong data-start=\"315\" data-end=\"330\">GRADO MEDIO<\/strong><\/p>\n<ul data-start=\"331\" data-end=\"395\">\n<li data-section-id=\"qt2v4x\" data-start=\"331\" data-end=\"347\">Serigraf\u00eda<\/li>\n<li data-section-id=\"9kcbqm\" data-start=\"348\" data-end=\"395\">Asistencia al Producto Gr\u00e1fico Interactivo<\/li>\n<\/ul>\n<p data-start=\"397\" data-end=\"530\">Inf\u00f3rmate llam\u00e1ndonos al <strong data-start=\"717\" data-end=\"732\">969 237 250\u00a0<\/strong>o tambi\u00e9n puedes acercarte a la escuela C\/ San Pedro 19, Cuenca y estaremos encantados de atenderte personalmente.<\/p>\n","protected":false},"excerpt":{"rendered":"<p>Del 1 al 8 de septiembre se abre el plazo extraordinario de acceso para nuestros Ciclos Formativos. Puedes elegir entre: GRADO SUPERIOR Fotograf\u00eda C\u00f3mic Gr\u00e1fica Publicitaria GRADO MEDIO Serigraf\u00eda Asistencia al Producto Gr\u00e1fico Interactivo Inf\u00f3rmate llam\u00e1ndonos al 969 237 250\u00a0o tambi\u00e9n puedes acercarte a la escuela C\/ San Pedro 19, Cuenca y estaremos encantados de [&hellip;]<\/p>\n","protected":false},"author":2,"featured_media":5252,"comment_status":"closed","ping_status":"open","sticky":false,"template":"","format":"aside","meta":{"_acf_changed":false,"footnotes":""},"categories":[6,3],"tags":[19,21,20],"class_list":["post-5251","post","type-post","status-publish","format-aside","has-post-thumbnail","hentry","category-noticias","category-ultimas-noticias","tag-ciclos-formativos","tag-curso-26-27","tag-preinscripcion","post_format-post-format-aside"],"acf":[],"_links":{"self":[{"href":"https:\/\/eacruznovillo.com\/index.php?rest_route=\/wp\/v2\/posts\/5251","targetHints":{"allow":["GET"]}}],"collection":[{"href":"https:\/\/eacruznovillo.com\/index.php?rest_route=\/wp\/v2\/posts"}],"about":[{"href":"https:\/\/eacruznovillo.com\/index.php?rest_route=\/wp\/v2\/types\/post"}],"author":[{"embeddable":true,"href":"https:\/\/eacruznovillo.com\/index.php?rest_route=\/wp\/v2\/users\/2"}],"replies":[{"embeddable":true,"href":"https:\/\/eacruznovillo.com\/index.php?rest_route=%2Fwp%2Fv2%2Fcomments&post=5251"}],"version-history":[{"count":4,"href":"https:\/\/eacruznovillo.com\/index.php?rest_route=\/wp\/v2\/posts\/5251\/revisions"}],"predecessor-version":[{"id":5256,"href":"https:\/\/eacruznovillo.com\/index.php?rest_route=\/wp\/v2\/posts\/5251\/revisions\/5256"}],"wp:featuredmedia":[{"embeddable":true,"href":"https:\/\/eacruznovillo.com\/index.php?rest_route=\/wp\/v2\/media\/5252"}],"wp:attachment":[{"href":"https:\/\/eacruznovillo.com\/index.php?rest_route=%2Fwp%2Fv2%2Fmedia&parent=5251"}],"wp:term":[{"taxonomy":"category","embeddable":true,"href":"https:\/\/eacruznovillo.com\/index.php?rest_route=%2Fwp%2Fv2%2Fcategories&post=5251"},{"taxonomy":"post_tag","embeddable":true,"href":"https:\/\/eacruznovillo.com\/index.php?rest_route=%2Fwp%2Fv2%2Ftags&post=5251"}],"curies":[{"name":"wp","href":"https:\/\/api.w.org\/{rel}","templated":true}]}}